{"id":4575,"date":"2025-03-16T18:21:11","date_gmt":"2025-03-16T17:21:11","guid":{"rendered":"http:\/\/www.voyageenlivres.com\/?p=4575"},"modified":"2025-03-31T18:45:57","modified_gmt":"2025-03-31T16:45:57","slug":"escale-en-livres-8","status":"publish","type":"post","link":"https:\/\/www.voyageenlivres.com\/index.php\/2025\/03\/16\/escale-en-livres-8\/","title":{"rendered":"Escale en Livres #8"},"content":{"rendered":"\t\t<div data-elementor-type=\"wp-post\" data-elementor-id=\"4575\" class=\"elementor elementor-4575\">\n\t\t\t\t\t\t\t\t\t<section class=\"elementor-section elementor-top-section elementor-element elementor-element-efeba28 elementor-section-boxed elementor-section-height-default elementor-section-height-default\" data-id=\"efeba28\" data-element_type=\"section\">\n\t\t\t\t\t\t<div class=\"elementor-container elementor-column-gap-default\">\n\t\t\t\t\t<div class=\"elementor-column elementor-col-100 elementor-top-column elementor-element elementor-element-79ea482\" data-id=\"79ea482\" data-element_type=\"column\">\n\t\t\t<div class=\"elementor-widget-wrap\">\n\t\t\t\t\t\t\t\t\t<\/div>\n\t\t<\/div>\n\t\t\t\t\t\t\t<\/div>\n\t\t<\/section>\n\t\t\t\t<section class=\"elementor-section elementor-top-section elementor-element elementor-element-d3f4f36 elementor-section-boxed elementor-section-height-default elementor-section-height-default\" data-id=\"d3f4f36\" data-element_type=\"section\">\n\t\t\t\t\t\t<div class=\"elementor-container elementor-column-gap-default\">\n\t\t\t\t\t<div class=\"elementor-column elementor-col-100 elementor-top-column elementor-element elementor-element-b1e863d\" data-id=\"b1e863d\" data-element_type=\"column\">\n\t\t\t<div class=\"elementor-widget-wrap elementor-element-populated\">\n\t\t\t\t\t\t\t\t<div class=\"elementor-element elementor-element-0939485 elementor-widget elementor-widget-text-editor\" data-id=\"0939485\" data-element_type=\"widget\" data-widget_type=\"text-editor.default\">\n\t\t\t\t<div class=\"elementor-widget-container\">\n\t\t\t<style>\/*! elementor - v3.6.6 - 08-06-2022 *\/\n.elementor-widget-text-editor.elementor-drop-cap-view-stacked .elementor-drop-cap{background-color:#818a91;color:#fff}.elementor-widget-text-editor.elementor-drop-cap-view-framed .elementor-drop-cap{color:#818a91;border:3px solid;background-color:transparent}.elementor-widget-text-editor:not(.elementor-drop-cap-view-default) .elementor-drop-cap{margin-top:8px}.elementor-widget-text-editor:not(.elementor-drop-cap-view-default) .elementor-drop-cap-letter{width:1em;height:1em}.elementor-widget-text-editor .elementor-drop-cap{float:left;text-align:center;line-height:1;font-size:50px}.elementor-widget-text-editor .elementor-drop-cap-letter{display:inline-block}<\/style>\t\t\t\t<p>Escale #8 : mardi 25 mars 2025 \u00e0 18h30 \u2013<br \/>M\u00e9diath\u00e8que Quai des Mots (71170 CHAUFFAILLES)<\/p><h1>Rencontre avec<\/h1><h2>Aur\u00e9lia Brivet<\/h2><div>auteure, autour de son livre <i>Anecdotes plein la carriole ou comment nous avons travers\u00e9 la Cordill\u00e8re des Andes \u00e0 v\u00e9lo avec notre fille d&rsquo;un an.<\/i><\/div><p>42 personnes pour cet \u00e9v\u00e9nement. Pas mal pour un mardi soir !<\/p>\t\t\t\t\t\t<\/div>\n\t\t\t\t<\/div>\n\t\t\t\t\t<\/div>\n\t\t<\/div>\n\t\t\t\t\t\t\t<\/div>\n\t\t<\/section>\n\t\t\t\t<section class=\"elementor-section elementor-top-section elementor-element elementor-element-d81e16a elementor-section-boxed elementor-section-height-default elementor-section-height-default\" data-id=\"d81e16a\" data-element_type=\"section\">\n\t\t\t\t\t\t<div class=\"elementor-container elementor-column-gap-default\">\n\t\t\t\t\t<div class=\"elementor-column elementor-col-50 elementor-top-column elementor-element elementor-element-575fa8e\" data-id=\"575fa8e\" data-element_type=\"column\">\n\t\t\t<div class=\"elementor-widget-wrap elementor-element-populated\">\n\t\t\t\t\t\t\t\t<div class=\"elementor-element elementor-element-015726f elementor-widget elementor-widget-image\" data-id=\"015726f\" data-element_type=\"widget\" data-widget_type=\"image.default\">\n\t\t\t\t<div class=\"elementor-widget-container\">\n\t\t\t<style>\/*! elementor - v3.6.6 - 08-06-2022 *\/\n.elementor-widget-image{text-align:center}.elementor-widget-image a{display:inline-block}.elementor-widget-image a img[src$=\".svg\"]{width:48px}.elementor-widget-image img{vertical-align:middle;display:inline-block}<\/style>\t\t\t\t\t\t\t\t\t\t\t\t<img width=\"950\" height=\"713\" src=\"https:\/\/www.voyageenlivres.com\/wp-content\/uploads\/2025\/03\/486609553_1078688710964302_493491605619974627_n-1024x768.jpg\" class=\"attachment-large size-large\" alt=\"\" loading=\"lazy\" srcset=\"https:\/\/www.voyageenlivres.com\/wp-content\/uploads\/2025\/03\/486609553_1078688710964302_493491605619974627_n-1024x768.jpg 1024w, https:\/\/www.voyageenlivres.com\/wp-content\/uploads\/2025\/03\/486609553_1078688710964302_493491605619974627_n-300x225.jpg 300w, https:\/\/www.voyageenlivres.com\/wp-content\/uploads\/2025\/03\/486609553_1078688710964302_493491605619974627_n-768x576.jpg 768w, https:\/\/www.voyageenlivres.com\/wp-content\/uploads\/2025\/03\/486609553_1078688710964302_493491605619974627_n-1536x1152.jpg 1536w, https:\/\/www.voyageenlivres.com\/wp-content\/uploads\/2025\/03\/486609553_1078688710964302_493491605619974627_n-2000x1500.jpg 2000w, https:\/\/www.voyageenlivres.com\/wp-content\/uploads\/2025\/03\/486609553_1078688710964302_493491605619974627_n.jpg 2048w\" sizes=\"100vw\" \/>\t\t\t\t\t\t\t\t\t\t\t\t\t\t\t<\/div>\n\t\t\t\t<\/div>\n\t\t\t\t<div class=\"elementor-element elementor-element-fb15ba8 elementor-widget elementor-widget-image\" data-id=\"fb15ba8\" data-element_type=\"widget\" data-widget_type=\"image.default\">\n\t\t\t\t<div class=\"elementor-widget-container\">\n\t\t\t\t\t\t\t\t\t\t\t\t\t\t\t<img width=\"950\" height=\"713\" src=\"https:\/\/www.voyageenlivres.com\/wp-content\/uploads\/2025\/03\/486558905_1078688564297650_2894663144055034057_n.jpg\" class=\"attachment-large size-large\" alt=\"\" loading=\"lazy\" srcset=\"https:\/\/www.voyageenlivres.com\/wp-content\/uploads\/2025\/03\/486558905_1078688564297650_2894663144055034057_n.jpg 1020w, https:\/\/www.voyageenlivres.com\/wp-content\/uploads\/2025\/03\/486558905_1078688564297650_2894663144055034057_n-300x225.jpg 300w, https:\/\/www.voyageenlivres.com\/wp-content\/uploads\/2025\/03\/486558905_1078688564297650_2894663144055034057_n-768x576.jpg 768w\" sizes=\"100vw\" \/>\t\t\t\t\t\t\t\t\t\t\t\t\t\t\t<\/div>\n\t\t\t\t<\/div>\n\t\t\t\t\t<\/div>\n\t\t<\/div>\n\t\t\t\t<div class=\"elementor-column elementor-col-50 elementor-top-column elementor-element elementor-element-f53bece\" data-id=\"f53bece\" data-element_type=\"column\">\n\t\t\t<div class=\"elementor-widget-wrap elementor-element-populated\">\n\t\t\t\t\t\t\t\t<div class=\"elementor-element elementor-element-24842c3 elementor-widget elementor-widget-text-editor\" data-id=\"24842c3\" data-element_type=\"widget\" data-widget_type=\"text-editor.default\">\n\t\t\t\t<div class=\"elementor-widget-container\">\n\t\t\t\t\t\t\t<p>Cette Escale en Livres #8, commence par la projection film \u00ab\u00a0Anecdotes plein la carriole\u00a0\u00bb, avec Aur\u00e9lia Brivet, Anthon Geier et leur fille Agathe Geier. C&rsquo;est avec leur fille d&rsquo;un an, une guitare, trois massues de jonglage, et quelques carnets de croquis qu\u2019Aur\u00e9lia et Anthon se mettent en selle pour parcourir \u00e0 v\u00e9lo l&rsquo;Argentine, la Bolivie et le Chili, en passant par la Cordill\u00e8re des Andes. On s\u2019\u00e9merveille des paysages, mais aussi de la petite Agathe qui grandit au fil des mois qui passent. Conjuguant humour, regard artistique et sens pratique, ce film nous transporte dans le quotidien d\u2019un voyage v\u00e9lo avec b\u00e9b\u00e9.<br \/>Nous poursuivons la soir\u00e9e avec une discussion autour du livre \u00ab\u00a0Anecdotes plein la carriole ou comment nous avons travers\u00e9 la Cordill\u00e8re des Andes \u00e0 v\u00e9lo avec notre fille d&rsquo;un an\u00a0\u00bb. \u00c0 la crois\u00e9e du journal de bord, du roman-photo, du guide de voyage avec un b\u00e9b\u00e9, du cahier d\u2019activit\u00e9s pour enfant, du carnet de croquis, du livre de recettes et du journal intime, cet ouvrage graphique aux mises en pages cr\u00e9atives permet une immersion dans le quotidien d\u2019un voyage itin\u00e9rant \u00e0 bicyclette, de s\u2019\u00e9merveiller de la beaut\u00e9 des paysages de la Cordill\u00e8re des Andes, d\u2019avoir les cl\u00e9s mat\u00e9rielles pour se lancer dans une aventure avec votre b\u00e9b\u00e9 et de puiser une bonne dose d\u2019inspiration pour ses propres projets ! La soir\u00e9e se prolongea avec des \u00e9changes, ainsi qu\u2019une s\u00e9ance de d\u00e9dicaces d\u2019Aur\u00e9lia Brivet.<\/p><p>\u00a0<\/p>\t\t\t\t\t\t<\/div>\n\t\t\t\t<\/div>\n\t\t\t\t\t<\/div>\n\t\t<\/div>\n\t\t\t\t\t\t\t<\/div>\n\t\t<\/section>\n\t\t\t\t<section class=\"elementor-section elementor-top-section elementor-element elementor-element-e18403f elementor-section-boxed elementor-section-height-default elementor-section-height-default\" data-id=\"e18403f\" data-element_type=\"section\">\n\t\t\t\t\t\t<div class=\"elementor-container elementor-column-gap-default\">\n\t\t\t\t\t<div class=\"elementor-column elementor-col-50 elementor-top-column elementor-element elementor-element-5b9e41d\" data-id=\"5b9e41d\" data-element_type=\"column\">\n\t\t\t<div class=\"elementor-widget-wrap elementor-element-populated\">\n\t\t\t\t\t\t\t\t<div class=\"elementor-element elementor-element-4ecc3ee elementor-widget elementor-widget-text-editor\" data-id=\"4ecc3ee\" data-element_type=\"widget\" data-widget_type=\"text-editor.default\">\n\t\t\t\t<div class=\"elementor-widget-container\">\n\t\t\t\t\t\t\t<p><b>Et aussi une expo&#8230;<\/b><\/p><p>Dans le cadre de cette rencontre, Aur\u00e9lia Brivet pr\u00e9senta, dans les murs de la m\u00e9diath\u00e8que, \u00ab\u00a0Voyager \u00e0 v\u00e9lo, en Am\u00e9rique du Sud, avec un b\u00e9b\u00e9 ? Quelle dr\u00f4le d&rsquo;id\u00e9e !\u00a0\u00bb .Cette exposition, pr\u00e9sente un panel d&rsquo;illustrations, de photos, d\u2019objets de voyage ou encore de pi\u00e8ces d\u00e9tach\u00e9es de v\u00e9lo, va vous immerger dans le p\u00e9riple de 4 mois et demi d\u2019un papa artiste de cirque, d\u2019une maman dessinatrice et de leur petite fille \u00e2g\u00e9e de tout juste 1 an.<br \/>M\u00ealant objets pour vous d\u00e9voiler leur quotidien, conseils pour vous lancer dans votre p\u00e9riple et panoramas pour vous faire basculer tout droit dans la Cordill\u00e8re des Andes\u2026vous n\u2019aurez plus qu\u2019une envie, celle de larguer les amarres !<br \/>Exposition \u00e0 partir du\u00a0 mardi 11 mars 2025, jusqu&rsquo;au 23 avril 2025<\/p><p>Entr\u00e9e gratuite.<\/p><p>\u00a0<\/p>\t\t\t\t\t\t<\/div>\n\t\t\t\t<\/div>\n\t\t\t\t\t<\/div>\n\t\t<\/div>\n\t\t\t\t<div class=\"elementor-column elementor-col-50 elementor-top-column elementor-element elementor-element-14ff0f2\" data-id=\"14ff0f2\" data-element_type=\"column\">\n\t\t\t<div class=\"elementor-widget-wrap elementor-element-populated\">\n\t\t\t\t\t\t\t\t<div class=\"elementor-element elementor-element-f47f3c1 elementor-widget elementor-widget-image\" data-id=\"f47f3c1\" data-element_type=\"widget\" data-widget_type=\"image.default\">\n\t\t\t\t<div class=\"elementor-widget-container\">\n\t\t\t\t\t\t\t\t\t\t\t\t\t\t\t<img width=\"724\" height=\"1024\" src=\"https:\/\/www.voyageenlivres.com\/wp-content\/uploads\/2025\/03\/2503_04_escale_expo_affiche2-724x1024.png\" class=\"attachment-large size-large\" alt=\"\" loading=\"lazy\" srcset=\"https:\/\/www.voyageenlivres.com\/wp-content\/uploads\/2025\/03\/2503_04_escale_expo_affiche2-724x1024.png 724w, https:\/\/www.voyageenlivres.com\/wp-content\/uploads\/2025\/03\/2503_04_escale_expo_affiche2-212x300.png 212w, https:\/\/www.voyageenlivres.com\/wp-content\/uploads\/2025\/03\/2503_04_escale_expo_affiche2-768x1086.png 768w, https:\/\/www.voyageenlivres.com\/wp-content\/uploads\/2025\/03\/2503_04_escale_expo_affiche2-1086x1536.png 1086w, https:\/\/www.voyageenlivres.com\/wp-content\/uploads\/2025\/03\/2503_04_escale_expo_affiche2-1448x2048.png 1448w, https:\/\/www.voyageenlivres.com\/wp-content\/uploads\/2025\/03\/2503_04_escale_expo_affiche2.png 1587w\" sizes=\"100vw\" \/>\t\t\t\t\t\t\t\t\t\t\t\t\t\t\t<\/div>\n\t\t\t\t<\/div>\n\t\t\t\t\t<\/div>\n\t\t<\/div>\n\t\t\t\t\t\t\t<\/div>\n\t\t<\/section>\n\t\t\t\t<section class=\"elementor-section elementor-top-section elementor-element elementor-element-84361ae elementor-section-boxed elementor-section-height-default elementor-section-height-default\" data-id=\"84361ae\" data-element_type=\"section\">\n\t\t\t\t\t\t<div class=\"elementor-container elementor-column-gap-default\">\n\t\t\t\t\t<div class=\"elementor-column elementor-col-100 elementor-top-column elementor-element elementor-element-98ac4cb\" data-id=\"98ac4cb\" data-element_type=\"column\">\n\t\t\t<div class=\"elementor-widget-wrap elementor-element-populated\">\n\t\t\t\t\t\t\t\t<div class=\"elementor-element elementor-element-89cc342 elementor-widget-divider--view-line elementor-widget elementor-widget-divider\" data-id=\"89cc342\" data-element_type=\"widget\" data-widget_type=\"divider.default\">\n\t\t\t\t<div class=\"elementor-widget-container\">\n\t\t\t<style>\/*! elementor - v3.6.6 - 08-06-2022 *\/\n.elementor-widget-divider{--divider-border-style:none;--divider-border-width:1px;--divider-color:#2c2c2c;--divider-icon-size:20px;--divider-element-spacing:10px;--divider-pattern-height:24px;--divider-pattern-size:20px;--divider-pattern-url:none;--divider-pattern-repeat:repeat-x}.elementor-widget-divider .elementor-divider{display:-webkit-box;display:-ms-flexbox;display:flex}.elementor-widget-divider .elementor-divider__text{font-size:15px;line-height:1;max-width:95%}.elementor-widget-divider .elementor-divider__element{margin:0 var(--divider-element-spacing);-ms-flex-negative:0;flex-shrink:0}.elementor-widget-divider .elementor-icon{font-size:var(--divider-icon-size)}.elementor-widget-divider .elementor-divider-separator{display:-webkit-box;display:-ms-flexbox;display:flex;margin:0;direction:ltr}.elementor-widget-divider--view-line_icon .elementor-divider-separator,.elementor-widget-divider--view-line_text .elementor-divider-separator{-webkit-box-align:center;-ms-flex-align:center;align-items:center}.elementor-widget-divider--view-line_icon .elementor-divider-separator:after,.elementor-widget-divider--view-line_icon .elementor-divider-separator:before,.elementor-widget-divider--view-line_text .elementor-divider-separator:after,.elementor-widget-divider--view-line_text .elementor-divider-separator:before{display:block;content:\"\";border-bottom:0;-webkit-box-flex:1;-ms-flex-positive:1;flex-grow:1;border-top:var(--divider-border-width) var(--divider-border-style) var(--divider-color)}.elementor-widget-divider--element-align-left .elementor-divider .elementor-divider-separator>.elementor-divider__svg:first-of-type{-webkit-box-flex:0;-ms-flex-positive:0;flex-grow:0;-ms-flex-negative:100;flex-shrink:100}.elementor-widget-divider--element-align-left .elementor-divider-separator:before{content:none}.elementor-widget-divider--element-align-left .elementor-divider__element{margin-left:0}.elementor-widget-divider--element-align-right .elementor-divider .elementor-divider-separator>.elementor-divider__svg:last-of-type{-webkit-box-flex:0;-ms-flex-positive:0;flex-grow:0;-ms-flex-negative:100;flex-shrink:100}.elementor-widget-divider--element-align-right .elementor-divider-separator:after{content:none}.elementor-widget-divider--element-align-right .elementor-divider__element{margin-right:0}.elementor-widget-divider:not(.elementor-widget-divider--view-line_text):not(.elementor-widget-divider--view-line_icon) .elementor-divider-separator{border-top:var(--divider-border-width) var(--divider-border-style) var(--divider-color)}.elementor-widget-divider--separator-type-pattern{--divider-border-style:none}.elementor-widget-divider--separator-type-pattern.elementor-widget-divider--view-line .elementor-divider-separator,.elementor-widget-divider--separator-type-pattern:not(.elementor-widget-divider--view-line) .elementor-divider-separator:after,.elementor-widget-divider--separator-type-pattern:not(.elementor-widget-divider--view-line) .elementor-divider-separator:before,.elementor-widget-divider--separator-type-pattern:not([class*=elementor-widget-divider--view]) .elementor-divider-separator{width:100%;min-height:var(--divider-pattern-height);-webkit-mask-size:var(--divider-pattern-size) 100%;mask-size:var(--divider-pattern-size) 100%;-webkit-mask-repeat:var(--divider-pattern-repeat);mask-repeat:var(--divider-pattern-repeat);background-color:var(--divider-color);-webkit-mask-image:var(--divider-pattern-url);mask-image:var(--divider-pattern-url)}.elementor-widget-divider--no-spacing{--divider-pattern-size:auto}.elementor-widget-divider--bg-round{--divider-pattern-repeat:round}.rtl .elementor-widget-divider .elementor-divider__text{direction:rtl}<\/style>\t\t<div class=\"elementor-divider\">\n\t\t\t<span class=\"elementor-divider-separator\">\n\t\t\t\t\t\t<\/span>\n\t\t<\/div>\n\t\t\t\t<\/div>\n\t\t\t\t<\/div>\n\t\t\t\t\t<\/div>\n\t\t<\/div>\n\t\t\t\t\t\t\t<\/div>\n\t\t<\/section>\n\t\t\t\t<section class=\"elementor-section elementor-top-section elementor-element elementor-element-bc22eb2 elementor-section-boxed elementor-section-height-default elementor-section-height-default\" data-id=\"bc22eb2\" data-element_type=\"section\">\n\t\t\t\t\t\t<div class=\"elementor-container elementor-column-gap-default\">\n\t\t\t\t\t<div class=\"elementor-column elementor-col-50 elementor-top-column elementor-element elementor-element-0e75daa\" data-id=\"0e75daa\" data-element_type=\"column\">\n\t\t\t<div class=\"elementor-widget-wrap elementor-element-populated\">\n\t\t\t\t\t\t\t\t<div class=\"elementor-element elementor-element-c54b6cc elementor-widget elementor-widget-text-editor\" data-id=\"c54b6cc\" data-element_type=\"widget\" data-widget_type=\"text-editor.default\">\n\t\t\t\t<div class=\"elementor-widget-container\">\n\t\t\t\t\t\t\t<p><b>Aur\u00e9lia Brivet<\/b> : Dipl\u00f4m\u00e9e en 2012 de l\u2019\u00e9cole de dessin lyonnaise \u00c9mile Cohl (en sp\u00e9cialit\u00e9 \u00ab dessin anim\u00e9 \u00bb), je travaille depuis \u00e0 mon compte, en tant qu\u2019illustratrice, graphiste et animatrice d\u2019ateliers de courts-m\u00e9trages d\u2019animation.<br \/><i>Habit\u00e9e par une grande soif de d\u00e9couvertes et une envie insatiable de libert\u00e9, chaque opportunit\u00e9 m\u2019est pr\u00e9texte \u00e0 partir voyager. J\u2019aime d\u00e9couvrir d\u2019autres modes de vie, d\u2019autres fa\u00e7ons de penser. J\u2019aime m\u2019\u00e9merveiller, fouler de nouveaux paysages, m\u2019en inspirer, dormir sous une toile de tente, revenir \u00e0 l\u2019essentiel, me retrouver dans des situations inattendues&#8230; Bref, sortir de mes routines !<br \/>En 2018, j\u2019ai auto-\u00e9dit\u00e9 mon premier ouvrage, \u00ab Anecdotes plein les sacoches ou comment j\u2019ai rejoint l\u2019Islande en solitaire avec le v\u00e9lo de ma grand-m\u00e8re \u00bb (24 x 16 cm \u2013 240 pages), le carnet de voyage de ma premi\u00e8re aventure \u00ab initiatique \u00bb \u00e0 v\u00e9lo (6 mois et 8\u2009200 km parcourus). J&rsquo;ai pr\u00e9sent\u00e9 mon voyage dans de nombreux lieux et j&rsquo;en ai \u00e9galement fait une exposition, intitul\u00e9e \u00ab\u00a0L&rsquo;Islande \u00e0 v\u00e9lo\u00a0\u00bb.<br \/>Suite \u00e0 cette exp\u00e9rience de vie nomade si \u00ab magique \u00bb, il me tardait de reprendre la route. L\u2019hiver 2019-2020, avec mon conjoint et notre fille d\u2019un an, nous avons mis le cap sur l\u2019Am\u00e9rique du Sud (4 mois et demi de voyage, 4300 km). Cela donna lieu \u00e0 un nouvel ouvrage auto-\u00e9dit\u00e9 \u00ab Anecdotes plein la carriole ou comment nous avons travers\u00e9 la Cordill\u00e8re des Andes \u00e0 v\u00e9lo avec notre fille d&rsquo;un an \u00bb (format 27 x 30 cm &#8211; 152 pages), un film (de 35 min) et une exposition.<\/i><\/p><p>\u00a0<\/p>\t\t\t\t\t\t<\/div>\n\t\t\t\t<\/div>\n\t\t\t\t\t<\/div>\n\t\t<\/div>\n\t\t\t\t<div class=\"elementor-column elementor-col-50 elementor-top-column elementor-element elementor-element-e0abe04\" data-id=\"e0abe04\" data-element_type=\"column\">\n\t\t\t<div class=\"elementor-widget-wrap elementor-element-populated\">\n\t\t\t\t\t\t\t\t<div class=\"elementor-element elementor-element-b3268ef elementor-widget elementor-widget-image\" data-id=\"b3268ef\" data-element_type=\"widget\" data-widget_type=\"image.default\">\n\t\t\t\t<div class=\"elementor-widget-container\">\n\t\t\t\t\t\t\t\t\t\t\t\t\t\t\t<img width=\"768\" height=\"1024\" src=\"https:\/\/www.voyageenlivres.com\/wp-content\/uploads\/2025\/03\/2025-03-25-escale8-AureliaBrivet-photo1-768x1024.jpg\" class=\"attachment-large size-large\" alt=\"\" loading=\"lazy\" srcset=\"https:\/\/www.voyageenlivres.com\/wp-content\/uploads\/2025\/03\/2025-03-25-escale8-AureliaBrivet-photo1-768x1024.jpg 768w, https:\/\/www.voyageenlivres.com\/wp-content\/uploads\/2025\/03\/2025-03-25-escale8-AureliaBrivet-photo1-225x300.jpg 225w, https:\/\/www.voyageenlivres.com\/wp-content\/uploads\/2025\/03\/2025-03-25-escale8-AureliaBrivet-photo1-1152x1536.jpg 1152w, https:\/\/www.voyageenlivres.com\/wp-content\/uploads\/2025\/03\/2025-03-25-escale8-AureliaBrivet-photo1-1536x2048.jpg 1536w, https:\/\/www.voyageenlivres.com\/wp-content\/uploads\/2025\/03\/2025-03-25-escale8-AureliaBrivet-photo1-2000x2667.jpg 2000w, https:\/\/www.voyageenlivres.com\/wp-content\/uploads\/2025\/03\/2025-03-25-escale8-AureliaBrivet-photo1-scaled.jpg 1920w\" sizes=\"100vw\" \/>\t\t\t\t\t\t\t\t\t\t\t\t\t\t\t<\/div>\n\t\t\t\t<\/div>\n\t\t\t\t\t<\/div>\n\t\t<\/div>\n\t\t\t\t\t\t\t<\/div>\n\t\t<\/section>\n\t\t\t\t<section class=\"elementor-section elementor-top-section elementor-element elementor-element-e8e7a42 elementor-section-boxed elementor-section-height-default elementor-section-height-default\" data-id=\"e8e7a42\" data-element_type=\"section\">\n\t\t\t\t\t\t<div class=\"elementor-container elementor-column-gap-default\">\n\t\t\t\t\t<div class=\"elementor-column elementor-col-100 elementor-top-column elementor-element elementor-element-e3aa77d\" data-id=\"e3aa77d\" data-element_type=\"column\">\n\t\t\t<div class=\"elementor-widget-wrap elementor-element-populated\">\n\t\t\t\t\t\t\t\t<div class=\"elementor-element elementor-element-e461789 elementor-widget-divider--view-line elementor-widget elementor-widget-divider\" data-id=\"e461789\" data-element_type=\"widget\" data-widget_type=\"divider.default\">\n\t\t\t\t<div class=\"elementor-widget-container\">\n\t\t\t\t\t<div class=\"elementor-divider\">\n\t\t\t<span class=\"elementor-divider-separator\">\n\t\t\t\t\t\t<\/span>\n\t\t<\/div>\n\t\t\t\t<\/div>\n\t\t\t\t<\/div>\n\t\t\t\t\t<\/div>\n\t\t<\/div>\n\t\t\t\t\t\t\t<\/div>\n\t\t<\/section>\n\t\t\t\t<section class=\"elementor-section elementor-top-section elementor-element elementor-element-2d03d6d elementor-section-boxed elementor-section-height-default elementor-section-height-default\" data-id=\"2d03d6d\" data-element_type=\"section\">\n\t\t\t\t\t\t<div class=\"elementor-container elementor-column-gap-default\">\n\t\t\t\t\t<div class=\"elementor-column elementor-col-50 elementor-top-column elementor-element elementor-element-67fbea0\" data-id=\"67fbea0\" data-element_type=\"column\">\n\t\t\t<div class=\"elementor-widget-wrap elementor-element-populated\">\n\t\t\t\t\t\t\t\t<div class=\"elementor-element elementor-element-aa081e0 elementor-widget elementor-widget-text-editor\" data-id=\"aa081e0\" data-element_type=\"widget\" data-widget_type=\"text-editor.default\">\n\t\t\t\t<div class=\"elementor-widget-container\">\n\t\t\t\t\t\t\t<p>Site internet d&rsquo;Aur\u00e9lia Brivet<br \/><a href=\"https:\/\/aureliabrivet.com\" target=\"_blank\" rel=\"noopener\">https:\/\/aureliabrivet.com <\/a><\/p><p>Site internet de Voyage en Livres : <br \/><a href=\"https:\/\/www.voyageenlivres.com\/\" target=\"_blank\" rel=\"noopener\">https:\/\/www.voyageenlivres.com\/<\/a><\/p><p>Site internet du Petit Rameur : <br \/><a href=\"http:\/\/www.petitrameur.com\/\" target=\"_blank\" rel=\"noopener\">http:\/\/www.petitrameur.com\/<\/a><br \/>Site internet du r\u00e9seau des biblioth\u00e8ques Brionnais Sud Bourgogne :<br \/><a href=\"http:\/\/Son site internet : https:\/\/grainesdebaroudeurs.com\/ Site internet Voyage en Livres : https:\/\/www.voyageenlivres.com\/ INFOS PRATIQUES Jeudi 7 novembre \u00e0 19H Entr\u00e9e gratuite Biblioth\u00e8que Quartier Livres Adresse : 1 bis passage du Vieux Moulin, 71800 La Clayette T\u00e9l\u00e9phone : 03 85 26 58 93 Site internet : https:\/\/www.bibliotheques-en-brionnais.net\/\" target=\"_blank\" rel=\"noopener\">https:\/\/www.bibliotheques-en-brionnais.net\/<\/a><\/p><p>\u00a0<\/p>\t\t\t\t\t\t<\/div>\n\t\t\t\t<\/div>\n\t\t\t\t\t<\/div>\n\t\t<\/div>\n\t\t\t\t<div class=\"elementor-column elementor-col-50 elementor-top-column elementor-element elementor-element-3c14fe0\" data-id=\"3c14fe0\" data-element_type=\"column\">\n\t\t\t<div class=\"elementor-widget-wrap elementor-element-populated\">\n\t\t\t\t\t\t\t\t<div class=\"elementor-element elementor-element-8c4e378 elementor-widget elementor-widget-image\" data-id=\"8c4e378\" data-element_type=\"widget\" data-widget_type=\"image.default\">\n\t\t\t\t<div class=\"elementor-widget-container\">\n\t\t\t\t\t\t\t\t\t\t\t\t\t\t\t<img width=\"800\" height=\"800\" src=\"https:\/\/www.voyageenlivres.com\/wp-content\/uploads\/2024\/11\/wLUfMimWi4EJ.jpg\" class=\"attachment-large size-large\" alt=\"\" loading=\"lazy\" srcset=\"https:\/\/www.voyageenlivres.com\/wp-content\/uploads\/2024\/11\/wLUfMimWi4EJ.jpg 800w, https:\/\/www.voyageenlivres.com\/wp-content\/uploads\/2024\/11\/wLUfMimWi4EJ-300x300.jpg 300w, https:\/\/www.voyageenlivres.com\/wp-content\/uploads\/2024\/11\/wLUfMimWi4EJ-150x150.jpg 150w, https:\/\/www.voyageenlivres.com\/wp-content\/uploads\/2024\/11\/wLUfMimWi4EJ-768x768.jpg 768w\" sizes=\"100vw\" \/>\t\t\t\t\t\t\t\t\t\t\t\t\t\t\t<\/div>\n\t\t\t\t<\/div>\n\t\t\t\t\t<\/div>\n\t\t<\/div>\n\t\t\t\t\t\t\t<\/div>\n\t\t<\/section>\n\t\t\t\t\t\t\t<\/div>\n\t\t","protected":false},"excerpt":{"rendered":"<p>Escale #8 : mardi 25 mars 2025 \u00e0 18h30 \u2013M\u00e9diath\u00e8que Quai des Mots (71170 CHAUFFAILLES) Rencontre avec Aur\u00e9lia Brivet auteure, autour de son livre Anecdotes plein la carriole ou comment nous avons travers\u00e9 la Cordill\u00e8re des Andes \u00e0 v\u00e9lo avec notre fille d&rsquo;un an. 42 personnes pour cet \u00e9v\u00e9nement. Pas mal pour un mardi soir &hellip; <\/p>\n<p class=\"link-more\"><a href=\"https:\/\/www.voyageenlivres.com\/index.php\/2025\/03\/16\/escale-en-livres-8\/\" class=\"more-link\">Lire la suite de<span class=\"screen-reader-text\">\u00ab\u00a0Escale en Livres #8\u00a0\u00bb<\/span><\/a><\/p>\n","protected":false},"author":1,"featured_media":0,"comment_status":"closed","ping_status":"open","sticky":false,"template":"","format":"standard","meta":[],"categories":[16],"tags":[],"_links":{"self":[{"href":"https:\/\/www.voyageenlivres.com\/index.php\/wp-json\/wp\/v2\/posts\/4575"}],"collection":[{"href":"https:\/\/www.voyageenlivres.com\/index.php\/wp-json\/wp\/v2\/posts"}],"about":[{"href":"https:\/\/www.voyageenlivres.com\/index.php\/wp-json\/wp\/v2\/types\/post"}],"author":[{"embeddable":true,"href":"https:\/\/www.voyageenlivres.com\/index.php\/wp-json\/wp\/v2\/users\/1"}],"replies":[{"embeddable":true,"href":"https:\/\/www.voyageenlivres.com\/index.php\/wp-json\/wp\/v2\/comments?post=4575"}],"version-history":[{"count":41,"href":"https:\/\/www.voyageenlivres.com\/index.php\/wp-json\/wp\/v2\/posts\/4575\/revisions"}],"predecessor-version":[{"id":4883,"href":"https:\/\/www.voyageenlivres.com\/index.php\/wp-json\/wp\/v2\/posts\/4575\/revisions\/4883"}],"wp:attachment":[{"href":"https:\/\/www.voyageenlivres.com\/index.php\/wp-json\/wp\/v2\/media?parent=4575"}],"wp:term":[{"taxonomy":"category","embeddable":true,"href":"https:\/\/www.voyageenlivres.com\/index.php\/wp-json\/wp\/v2\/categories?post=4575"},{"taxonomy":"post_tag","embeddable":true,"href":"https:\/\/www.voyageenlivres.com\/index.php\/wp-json\/wp\/v2\/tags?post=4575"}],"curies":[{"name":"wp","href":"https:\/\/api.w.org\/{rel}","templated":true}]}}